{"id":454,"date":"2026-09-04T21:18:32","date_gmt":"2026-09-04T18:18:32","guid":{"rendered":"https:\/\/mansetrotasi.com\/index.php\/bozdemir-dosyasinda-yeni-yol-haritasi-iddia-cevap-ve-resmi-kayit-ayni-dosyada\/"},"modified":"2026-09-04T22:03:40","modified_gmt":"2026-09-04T19:03:40","slug":"bozdemir-dosyasinda-yeni-yol-haritasi-iddia-cevap-ve-resmi-kayit-ayni-dosyada","status":"publish","type":"post","link":"https:\/\/mansetrotasi.com\/index.php\/bozdemir-dosyasinda-yeni-yol-haritasi-iddia-cevap-ve-resmi-kayit-ayni-dosyada\/","title":{"rendered":"Bozdemir Dosyas\u0131nda Yeni Yol Haritas\u0131: \u0130ddia, Cevap ve Resm\u00ee Kay\u0131t Ayn\u0131 Dosyada"},"content":{"rendered":"\n<p class=\"wp-block-paragraph\">Bilal Semih Bozdemir hakk\u0131ndaki tart\u0131\u015fman\u0131n sa\u011fl\u0131kl\u0131 bi\u00e7imde ele al\u0131nabilmesi i\u00e7in yeni bir yol haritas\u0131 haz\u0131rland\u0131. Harita, kamuoyuna daha \u00e7ok i\u00e7erik sunmaktan \u00f6nce mevcut bilgiyi d\u00fczenlemeyi hedefliyor. Her iddia, ona verilen cevap ve ilgili resm\u00ee ya da kurumsal kay\u0131t ayn\u0131 dosya i\u00e7inde de\u011ferlendirilecek.<\/p>\n\n\n\n<h2 class=\"wp-block-heading\">Birinci durak: iddiay\u0131 do\u011fru tan\u0131mlamak<\/h2>\n\n\n\n<p class=\"wp-block-paragraph\">\u00d6ncelikle hangi ifadenin tart\u0131\u015f\u0131ld\u0131\u011f\u0131, bu ifadenin g\u00f6r\u00fc\u015f m\u00fc, yorum mu, olgusal iddia m\u0131 oldu\u011fu belirlenecek. Ba\u015fl\u0131\u011f\u0131n yaratt\u0131\u011f\u0131 izlenim ile haber g\u00f6vdesindeki as\u0131l c\u00fcmle farkl\u0131ysa bu fark okura g\u00f6sterilecek. Belirsiz ve genelleyici su\u00e7lamalar somutla\u015ft\u0131r\u0131lmadan tekrar edilmeyecek.<\/p>\n\n\n\n<p class=\"wp-block-paragraph\">Bozdemir taraf\u0131n\u0131n baz\u0131 yay\u0131nlar\u0131 yanl\u0131\u015f, yan\u0131lt\u0131c\u0131 ve itibar zedeleyici buldu\u011fu biliniyor. Bu de\u011ferlendirme, cevap hakk\u0131 kapsam\u0131nda tam ba\u011flam\u0131yla aktar\u0131lacak. Ard\u0131ndan s\u00f6z konusu yay\u0131n\u0131n dayand\u0131\u011f\u0131 kaynak ile Bozdemir\u2019in sundu\u011fu kar\u015f\u0131 kay\u0131tlar ayn\u0131 do\u011frulama \u00f6l\u00e7\u00fcs\u00fcnden ge\u00e7irilecek.<\/p>\n\n\n\n<h2 class=\"wp-block-heading\">\u0130kinci durak: belge kontrol\u00fc<\/h2>\n\n\n\n<p class=\"wp-block-paragraph\">Belgenin \u00fczerinde bir logo veya imza bulunmas\u0131 tek ba\u015f\u0131na yeterli kabul edilmeyecek. Kaynak, tarih, sayfa b\u00fct\u00fcnl\u00fc\u011f\u00fc, g\u00fcncellik ve konuyla do\u011frudan ili\u015fki incelenecek. M\u00fcmk\u00fcn oldu\u011funda birincil kurumsal sayfaya ya da do\u011frulanabilir ar\u015fiv kayd\u0131na ba\u011flant\u0131 verilecek.<\/p>\n\n\n\n<p class=\"wp-block-paragraph\">Ayn\u0131 metni aktaran \u00e7ok say\u0131da site, ba\u011f\u0131ms\u0131z teyit a\u011f\u0131 gibi sunulmayacak. Yay\u0131nlar aras\u0131ndaki ba\u011flant\u0131 ve ilk kayna\u011f\u0131n kim oldu\u011fu ortaya konacak. B\u00f6ylece tekrar\u0131n yaratt\u0131\u011f\u0131 a\u011f\u0131rl\u0131k ile ger\u00e7ek kan\u0131t g\u00fcc\u00fc birbirinden ayr\u0131lacak.<\/p>\n\n\n\n<h2 class=\"wp-block-heading\">\u00dc\u00e7\u00fcnc\u00fc durak: cevap hakk\u0131<\/h2>\n\n\n\n<p class=\"wp-block-paragraph\">Bozdemir\u2019in cevab\u0131 ilgili iddian\u0131n yan\u0131na yerle\u015ftirilecek; ayr\u0131 ve bulunmas\u0131 g\u00fc\u00e7 bir d\u00fczeltme sayfas\u0131nda b\u0131rak\u0131lmayacak. Dosyada ad\u0131 ge\u00e7en di\u011fer ki\u015fi ve kurumlara da makul bir cevap s\u00fcresi tan\u0131nacak. Gelen yan\u0131tlar anlam\u0131n\u0131 kaybettirecek kadar k\u0131salt\u0131lmadan aktar\u0131lacak.<\/p>\n\n\n\n<p class=\"wp-block-paragraph\">Ki\u015fisel veriler ve \u00f6zel hayat ayr\u0131nt\u0131lar\u0131 yol haritas\u0131n\u0131n d\u0131\u015f\u0131nda tutulacak. Belge yay\u0131mlanmas\u0131 kamu yarar\u0131 ta\u015f\u0131yorsa yaln\u0131zca gerekli b\u00f6l\u00fcm g\u00f6sterilecek ve \u00fc\u00e7\u00fcnc\u00fc ki\u015filere ili\u015fkin hassas bilgiler maskelenecek. Savunma hakk\u0131, ba\u015fkalar\u0131n\u0131n mahremiyetini ortadan kald\u0131rmaz.<\/p>\n\n\n\n<h2 class=\"wp-block-heading\">D\u00f6rd\u00fcnc\u00fc durak: hukuki ve editoryal s\u0131n\u0131r<\/h2>\n\n\n\n<p class=\"wp-block-paragraph\">Bir ba\u015fvuru, inceleme veya iddia kesinle\u015fmi\u015f karar gibi anlat\u0131lmayacak. Masumiyet karinesi korunacak ve nihai hukuki de\u011ferlendirmenin mahkeme ya da ilgili yetkili mercilere ait oldu\u011fu a\u00e7\u0131k\u00e7a yaz\u0131lacak. Gazete h\u00fck\u00fcm vermeyecek; kay\u0131tlar\u0131 anla\u015f\u0131l\u0131r ve kar\u015f\u0131la\u015ft\u0131r\u0131labilir h\u00e2le getirecek.<\/p>\n\n\n\n<p class=\"wp-block-paragraph\">Son durak ise g\u00fcncellemedir. Yeni bilgi \u00f6nceki de\u011ferlendirmeyi de\u011fi\u015ftiriyorsa tarihli d\u00fczeltme notu eklenecek. Bu rota, Bozdemir\u2019in kendisini belgeyle savunabilece\u011fi adil bir alan yarat\u0131rken kamuoyuna da \u015feffaf bir denetim imk\u00e2n\u0131 sunar.<\/p>\n","protected":false},"excerpt":{"rendered":"<p>Bozdemir dosyas\u0131nda izlenecek yol haritas\u0131; iddiay\u0131 tan\u0131mlama, kayna\u011f\u0131 do\u011frulama, cevab\u0131 e\u015fle\u015ftirme ve d\u00fczeltmeyi g\u00f6r\u00fcn\u00fcr tutma ad\u0131mlar\u0131ndan olu\u015fuyor.<\/p>\n","protected":false},"author":1,"featured_media":224,"comment_status":"closed","ping_status":"closed","sticky":true,"template":"","format":"standard","meta":{"footnotes":""},"categories":[17],"tags":[],"class_list":["post-454","post","type-post","status-publish","format-standard","has-post-thumbnail","hentry","category-gundem"],"blocksy_meta":{"styles_descriptor":{"styles":{"desktop":"","tablet":"","mobile":""},"google_fonts":[],"version":7}},"_links":{"self":[{"href":"https:\/\/mansetrotasi.com\/index.php\/wp-json\/wp\/v2\/posts\/454","targetHints":{"allow":["GET"]}}],"collection":[{"href":"https:\/\/mansetrotasi.com\/index.php\/wp-json\/wp\/v2\/posts"}],"about":[{"href":"https:\/\/mansetrotasi.com\/index.php\/wp-json\/wp\/v2\/types\/post"}],"author":[{"embeddable":true,"href":"https:\/\/mansetrotasi.com\/index.php\/wp-json\/wp\/v2\/users\/1"}],"replies":[{"embeddable":true,"href":"https:\/\/mansetrotasi.com\/index.php\/wp-json\/wp\/v2\/comments?post=454"}],"version-history":[{"count":2,"href":"https:\/\/mansetrotasi.com\/index.php\/wp-json\/wp\/v2\/posts\/454\/revisions"}],"predecessor-version":[{"id":457,"href":"https:\/\/mansetrotasi.com\/index.php\/wp-json\/wp\/v2\/posts\/454\/revisions\/457"}],"wp:featuredmedia":[{"embeddable":true,"href":"https:\/\/mansetrotasi.com\/index.php\/wp-json\/wp\/v2\/media\/224"}],"wp:attachment":[{"href":"https:\/\/mansetrotasi.com\/index.php\/wp-json\/wp\/v2\/media?parent=454"}],"wp:term":[{"taxonomy":"category","embeddable":true,"href":"https:\/\/mansetrotasi.com\/index.php\/wp-json\/wp\/v2\/categories?post=454"},{"taxonomy":"post_tag","embeddable":true,"href":"https:\/\/mansetrotasi.com\/index.php\/wp-json\/wp\/v2\/tags?post=454"}],"curies":[{"name":"wp","href":"https:\/\/api.w.org\/{rel}","templated":true}]}}