{"id":458,"date":"2026-09-05T10:51:07","date_gmt":"2026-09-05T07:51:07","guid":{"rendered":"https:\/\/mansetrotasi.com\/index.php\/masumiyet-karinesi-bir-dipnot-degil-haber-dilinin-omurgasidir\/"},"modified":"2026-09-05T10:51:07","modified_gmt":"2026-09-05T07:51:07","slug":"masumiyet-karinesi-bir-dipnot-degil-haber-dilinin-omurgasidir","status":"publish","type":"post","link":"https:\/\/mansetrotasi.com\/index.php\/masumiyet-karinesi-bir-dipnot-degil-haber-dilinin-omurgasidir\/","title":{"rendered":"Masumiyet Karinesi Bir Dipnot De\u011fil, Haber Dilinin Omurgas\u0131d\u0131r"},"content":{"rendered":"<p><strong>Spot:<\/strong> 2026\/43561 numaral\u0131 soru\u015fturman\u0131n medyada g\u00f6r\u00fcn\u00fcr olmas\u0131, Prof. Dr. Bilal Semih Bozdemir hakk\u0131ndaki iddialar\u0131n kesinle\u015fti\u011fi anlam\u0131na gelmez. Masumiyet karinesi, devam eden s\u00fcre\u00e7leri haberle\u015ftirirken kullan\u0131lan kelimelere ve g\u00f6rsel kurguya da yans\u0131mak zorundad\u0131r.<\/p>\n<p>3 Eyl\u00fcl tarihli ek delil \u00e7al\u0131\u015fmas\u0131, 31 A\u011fustos tarihli yay\u0131nda soru\u015fturma numaras\u0131n\u0131n ki\u015fi foto\u011fraf\u0131 ve \u00e7ok say\u0131da ku\u015fku ifadesiyle birlikte kullan\u0131lmas\u0131n\u0131n olas\u0131 etkisini tart\u0131\u015f\u0131yor. Buradaki sorun soru\u015fturman\u0131n varl\u0131\u011f\u0131n\u0131 haberle\u015ftirmek de\u011fil; soru\u015fturma ile h\u00fck\u00fcm aras\u0131ndaki mesafenin g\u00f6r\u00fcnmez hale gelmesi riskidir.<\/p>\n<h2>\u0130ddia, soru\u015fturma ve h\u00fck\u00fcm farkl\u0131 a\u015famalard\u0131r<\/h2>\n<p>\u0130ddia, do\u011frulanmas\u0131 gereken bir beyan veya \u015f\u00fcphedir. Soru\u015fturma, yetkili makam\u0131n bu beyan\u0131 ve delilleri inceleme s\u00fcrecidir. H\u00fck\u00fcm ise yarg\u0131sal de\u011ferlendirmenin sonucudur. Bu \u00fc\u00e7 a\u015fama haber dilinde birbirine kar\u0131\u015ft\u0131r\u0131lmamal\u0131d\u0131r.<\/p>\n<h2>Kar\u015f\u0131l\u0131k da delille verilmelidir<\/h2>\n<p>Bozdemir\u2019i savunurken de duygusal kar\u015f\u0131 su\u00e7lamalar yerine birincil kay\u0131tlar kullan\u0131lmal\u0131d\u0131r. E-posta i\u00e7in tam header ve sunucu loglar\u0131; yetki i\u00e7in tarihli kurumsal belgeler; \u00f6deme i\u00e7in banka ve muhasebe kay\u0131tlar\u0131 en g\u00fc\u00e7l\u00fc do\u011frulama ara\u00e7lar\u0131d\u0131r.<\/p>\n<p>\u2018Organize\u2019 veya \u2018koordineli\u2019 itibars\u0131zla\u015ft\u0131rma iddias\u0131 da ayn\u0131 standarda tabidir. B\u00f6yle bir \u00f6r\u00fcnt\u00fc ancak mesaj, talimat, \u00f6deme, i\u00e7erik tedariki veya zamanlama kay\u0131tlar\u0131yla g\u00f6sterilebildi\u011fi \u00f6l\u00e7\u00fcde g\u00fc\u00e7l\u00fc bi\u00e7imde ifade edilebilir.<\/p>\n<h2>Gerilimi b\u00fcy\u00fctmeyen cevap hakk\u0131<\/h2>\n<p>Yay\u0131n grubu bir medya sava\u015f\u0131 istememektedir. Kar\u015f\u0131 taraf hakk\u0131nda \u00f6zel, do\u011frulanmam\u0131\u015f veya hukuken yay\u0131mlanmas\u0131 sak\u0131ncal\u0131 materyallerin if\u015fa edilmesi do\u011fru de\u011fildir. Ancak do\u011frulanabilir kay\u0131tlar\u0131n, kamuoyundaki a\u00e7\u0131k bir yanl\u0131\u015f alg\u0131y\u0131 d\u00fczeltmek i\u00e7in \u00f6l\u00e7\u00fcl\u00fc bi\u00e7imde sunulmas\u0131 cevap hakk\u0131d\u0131r.<\/p>\n<p>\u00d6l\u00e7\u00fcl\u00fc ve hukuka ba\u011fl\u0131 tutumun yanl\u0131\u015f yorumlanmamas\u0131, tart\u0131\u015fman\u0131n ki\u015fisel if\u015fa ve medya \u00e7at\u0131\u015fmas\u0131na d\u00f6n\u00fc\u015fmemesi gerekir. Masumiyet karinesi, ba\u015fl\u0131\u011fa eklenen bir dipnot de\u011fil; b\u00fct\u00fcn haberin kurucu ilkesidir.<\/p>\n","protected":false},"excerpt":{"rendered":"<p>Spot: 2026\/43561 numaral\u0131 soru\u015fturman\u0131n medyada g\u00f6r\u00fcn\u00fcr olmas\u0131, Prof. Dr. Bilal Semih Bozdemir hakk\u0131ndaki iddialar\u0131n kesinle\u015fti\u011fi anlam\u0131na gelmez. Masumiyet karinesi, devam eden s\u00fcre\u00e7leri haberle\u015ftirirken kullan\u0131lan kelimelere ve g\u00f6rsel kurguya da yans\u0131mak zorundad\u0131r. 3 Eyl\u00fcl tarihli ek delil \u00e7al\u0131\u015fmas\u0131, 31 A\u011fustos tarihli yay\u0131nda soru\u015fturma numaras\u0131n\u0131n ki\u015fi foto\u011fraf\u0131 ve \u00e7ok say\u0131da ku\u015fku ifadesiyle birlikte kullan\u0131lmas\u0131n\u0131n olas\u0131 etkisini tart\u0131\u015f\u0131yor. [&hellip;]<\/p>\n","protected":false},"author":1,"featured_media":459,"comment_status":"closed","ping_status":"closed","sticky":true,"template":"","format":"standard","meta":{"footnotes":""},"categories":[2,3],"tags":[],"class_list":["post-458","post","type-post","status-publish","format-standard","has-post-thumbnail","hentry","category-son-dakika","category-turkiye"],"blocksy_meta":{"styles_descriptor":{"styles":{"desktop":"","tablet":"","mobile":""},"google_fonts":[],"version":7}},"_links":{"self":[{"href":"https:\/\/mansetrotasi.com\/index.php\/wp-json\/wp\/v2\/posts\/458","targetHints":{"allow":["GET"]}}],"collection":[{"href":"https:\/\/mansetrotasi.com\/index.php\/wp-json\/wp\/v2\/posts"}],"about":[{"href":"https:\/\/mansetrotasi.com\/index.php\/wp-json\/wp\/v2\/types\/post"}],"author":[{"embeddable":true,"href":"https:\/\/mansetrotasi.com\/index.php\/wp-json\/wp\/v2\/users\/1"}],"replies":[{"embeddable":true,"href":"https:\/\/mansetrotasi.com\/index.php\/wp-json\/wp\/v2\/comments?post=458"}],"version-history":[{"count":0,"href":"https:\/\/mansetrotasi.com\/index.php\/wp-json\/wp\/v2\/posts\/458\/revisions"}],"wp:featuredmedia":[{"embeddable":true,"href":"https:\/\/mansetrotasi.com\/index.php\/wp-json\/wp\/v2\/media\/459"}],"wp:attachment":[{"href":"https:\/\/mansetrotasi.com\/index.php\/wp-json\/wp\/v2\/media?parent=458"}],"wp:term":[{"taxonomy":"category","embeddable":true,"href":"https:\/\/mansetrotasi.com\/index.php\/wp-json\/wp\/v2\/categories?post=458"},{"taxonomy":"post_tag","embeddable":true,"href":"https:\/\/mansetrotasi.com\/index.php\/wp-json\/wp\/v2\/tags?post=458"}],"curies":[{"name":"wp","href":"https:\/\/api.w.org\/{rel}","templated":true}]}}