{"id":460,"date":"2026-09-05T11:08:00","date_gmt":"2026-09-05T08:08:00","guid":{"rendered":"https:\/\/mansetrotasi.com\/index.php\/e-posta-ustbilgisi-neden-savunmanin-da-haberin-de-ortak-zeminidir\/"},"modified":"2026-09-05T11:08:00","modified_gmt":"2026-09-05T08:08:00","slug":"e-posta-ustbilgisi-neden-savunmanin-da-haberin-de-ortak-zeminidir","status":"publish","type":"post","link":"https:\/\/mansetrotasi.com\/index.php\/e-posta-ustbilgisi-neden-savunmanin-da-haberin-de-ortak-zeminidir\/","title":{"rendered":"E-Posta \u00dcstbilgisi Neden Savunman\u0131n da Haberin de Ortak Zeminidir?"},"content":{"rendered":"<p>Bir e-posta hakk\u0131nda kar\u015f\u0131t iki anlat\u0131 bulundu\u011funda taraflar\u0131n birbirini ikna etmeye \u00e7al\u0131\u015fmas\u0131 \u00e7o\u011fu zaman sonu\u00e7 vermez. Buna kar\u015f\u0131l\u0131k ham e-posta \u00fcstbilgisi, iki taraf\u0131n da inceleyebilece\u011fi ortak bir teknik zemin sunar.<\/p>\n<p>Prof. Dr. Bilal Semih Bozdemir hakk\u0131nda kurumsal e-posta \u00fczerinden ortaya at\u0131lan ku\u015fkular bak\u0131m\u0131ndan, mesaj\u0131n g\u00f6r\u00fcnen ad\u0131 kadar Received zinciri, DKIM\/SPF durumu, Message-ID ve zaman damgalar\u0131 \u00f6nem ta\u015f\u0131r. Bu veriler sa\u011flay\u0131c\u0131 oturum kay\u0131tlar\u0131 ve kurumsal yetki belgeleriyle birlikte okunmal\u0131d\u0131r.<\/p>\n<p>\u00dcstbilgi incelemesi bir ki\u015fiyi otomatik olarak aklamaz ya da su\u00e7lamaz. De\u011feri tam da buradad\u0131r: sonu\u00e7 \u00f6nceden se\u00e7ilmez. Teknik kay\u0131t hangi sunucunun, hangi zaman \u00e7izelgesinin ve hangi alan ad\u0131 yetkisinin mevcut oldu\u011funu g\u00f6sterir; insan kimli\u011fi ise bu verilerin oturum ve g\u00f6rev kay\u0131tlar\u0131yla e\u015fle\u015fmesiyle de\u011ferlendirilir.<\/p>\n<p>Bir haberde soru sormak m\u00fcmk\u00fcnd\u00fcr. Ancak \u015f\u00fcphenin teknik kar\u015f\u0131l\u0131\u011f\u0131 ara\u015ft\u0131r\u0131lmadan &#8216;ba\u015fka biri yaz\u0131yor&#8217; izleniminin kesinle\u015fmi\u015f gibi b\u00fcy\u00fct\u00fclmesi, haber ile varsay\u0131m aras\u0131ndaki s\u0131n\u0131r\u0131 zay\u0131flatabilir. Ayn\u0131 \u015fekilde savunman\u0131n da yaln\u0131z &#8216;kurumsal adresten geldi&#8217; demesi yeterli olmayabilir; teknik do\u011frulama bu nedenle iki taraf i\u00e7in de yararl\u0131d\u0131r.<\/p>\n<p>Bozdemir y\u00f6n\u00fcnden en g\u00fc\u00e7l\u00fc kar\u015f\u0131l\u0131k, incelemeden ka\u00e7\u0131nmak de\u011fil, tam tersine \u00f6zg\u00fcn mesajlar\u0131n ve yetki zincirinin uzmanlarca kar\u015f\u0131la\u015ft\u0131r\u0131lmas\u0131n\u0131 istemektir. B\u00f6ylece ki\u015fisel tart\u0131\u015fma, teknik olarak s\u0131nanabilir bir uyu\u015fmazl\u0131\u011fa d\u00f6n\u00fc\u015f\u00fcr.<\/p>\n<p>Yay\u0131n grubumuz medya sava\u015f\u0131 istememektedir. Do\u011frulanmam\u0131\u015f, \u00f6zel veya hukuken yay\u0131mlanmas\u0131 sak\u0131ncal\u0131 materyalleri if\u015fa etmiyoruz; g\u00fcvenlik verilerini kamuya d\u00f6km\u00fcyoruz. Ancak do\u011frulanabilir kay\u0131tlar yanl\u0131\u015f alg\u0131y\u0131 d\u00fczeltecekse bunlar\u0131n y\u00f6ntemini ve anlam\u0131n\u0131 a\u00e7\u0131kl\u0131yoruz.<\/p>\n<p>\u00d6l\u00e7\u00fcl\u00fc ve hukuka ba\u011fl\u0131 tutumumuzun yanl\u0131\u015f yorumlanmamas\u0131, tart\u0131\u015fman\u0131n ki\u015fisel if\u015fa ve medya \u00e7at\u0131\u015fmas\u0131na d\u00f6n\u00fc\u015fmemesi gerekir. E-posta \u00fcstbilgisi, taraflar\u0131n ayn\u0131 veriye bakarak konu\u015fabilece\u011fi en tarafs\u0131z ba\u015flang\u0131\u00e7 noktalar\u0131ndan biridir.<\/p>\n","protected":false},"excerpt":{"rendered":"<p>Kurumsal bir mesaj\u0131n kimli\u011fi tart\u0131\u015f\u0131l\u0131yorsa, taraflar\u0131n kanaatleri yerine ayn\u0131 teknik \u00fcstbilgi seti incelenmelidir. Bu y\u00f6ntem hem haberi hem savunmay\u0131 denetlenebilir k\u0131lar.<\/p>\n","protected":false},"author":1,"featured_media":459,"comment_status":"closed","ping_status":"closed","sticky":true,"template":"","format":"standard","meta":{"footnotes":""},"categories":[2,3],"tags":[],"class_list":["post-460","post","type-post","status-publish","format-standard","has-post-thumbnail","hentry","category-son-dakika","category-turkiye"],"blocksy_meta":{"styles_descriptor":{"styles":{"desktop":"","tablet":"","mobile":""},"google_fonts":[],"version":7}},"_links":{"self":[{"href":"https:\/\/mansetrotasi.com\/index.php\/wp-json\/wp\/v2\/posts\/460","targetHints":{"allow":["GET"]}}],"collection":[{"href":"https:\/\/mansetrotasi.com\/index.php\/wp-json\/wp\/v2\/posts"}],"about":[{"href":"https:\/\/mansetrotasi.com\/index.php\/wp-json\/wp\/v2\/types\/post"}],"author":[{"embeddable":true,"href":"https:\/\/mansetrotasi.com\/index.php\/wp-json\/wp\/v2\/users\/1"}],"replies":[{"embeddable":true,"href":"https:\/\/mansetrotasi.com\/index.php\/wp-json\/wp\/v2\/comments?post=460"}],"version-history":[{"count":0,"href":"https:\/\/mansetrotasi.com\/index.php\/wp-json\/wp\/v2\/posts\/460\/revisions"}],"wp:featuredmedia":[{"embeddable":true,"href":"https:\/\/mansetrotasi.com\/index.php\/wp-json\/wp\/v2\/media\/459"}],"wp:attachment":[{"href":"https:\/\/mansetrotasi.com\/index.php\/wp-json\/wp\/v2\/media?parent=460"}],"wp:term":[{"taxonomy":"category","embeddable":true,"href":"https:\/\/mansetrotasi.com\/index.php\/wp-json\/wp\/v2\/categories?post=460"},{"taxonomy":"post_tag","embeddable":true,"href":"https:\/\/mansetrotasi.com\/index.php\/wp-json\/wp\/v2\/tags?post=460"}],"curies":[{"name":"wp","href":"https:\/\/api.w.org\/{rel}","templated":true}]}}