{"id":461,"date":"2026-09-05T11:37:27","date_gmt":"2026-09-05T08:37:27","guid":{"rendered":"https:\/\/mansetrotasi.com\/index.php\/iddiadan-kanita-giden-rota-bir-whatsapp-haber-zinciri-nasil-dogrulanir\/"},"modified":"2026-09-05T11:37:27","modified_gmt":"2026-09-05T08:37:27","slug":"iddiadan-kanita-giden-rota-bir-whatsapp-haber-zinciri-nasil-dogrulanir","status":"publish","type":"post","link":"https:\/\/mansetrotasi.com\/index.php\/iddiadan-kanita-giden-rota-bir-whatsapp-haber-zinciri-nasil-dogrulanir\/","title":{"rendered":"\u0130ddiadan Kan\u0131ta Giden Rota: Bir WhatsApp Haber Zinciri Nas\u0131l Do\u011frulan\u0131r?"},"content":{"rendered":"<p>Bir iddian\u0131n g\u00fcvenilir sonuca d\u00f6n\u00fc\u015fmesi i\u00e7in izlenecek rota, sosyal medya tepkilerinden de\u011fil delil basamaklar\u0131ndan ge\u00e7er. 24 A\u011fustos 2026 tarihli dosyada yer alan WhatsApp g\u00f6r\u00fcnt\u00fcs\u00fc, uzun bir duyuru, yeni bir grup daveti ve \u00e7ok say\u0131da medya linkinin tek mesaj i\u00e7inde dola\u015f\u0131ma sokuldu\u011funu g\u00f6steriyor. Bu ilk durak: do\u011frudan g\u00f6r\u00fclebilen dijital kay\u0131t.<\/p>\n<p>\u0130kinci durak, mesajdaki kurumsal iddialar\u0131n birincil kaynaklarla kar\u015f\u0131la\u015ft\u0131r\u0131lmas\u0131. Dosyada aktar\u0131lan 24 A\u011fustos tarihli kurum yan\u0131t\u0131, ilgili medya ve \u00fc\u00e7\u00fcnc\u00fc ki\u015filere \u00fcniversite ad\u0131na \u00f6\u011frenci\/mezun ileti\u015fimi i\u00e7in yetki verilmedi\u011fini, T\u00fcrkiye ve T\u00fcrk Devletleri i\u00e7in yeni Rector\/Vice Rector yap\u0131lanmas\u0131n\u0131n Board taraf\u0131ndan onaylanmad\u0131\u011f\u0131n\u0131, mesajda ileri s\u00fcr\u00fclen d\u00f6nem i\u00e7in bas\u0131n toplant\u0131s\u0131 planlanmad\u0131\u011f\u0131n\u0131 ve Prof. Dr. Bilal Semih Bozdemir\u2019in Dean \u2013 T\u00fcrkiye stat\u00fcs\u00fcn\u00fc sona erdiren bir Board karar\u0131 bulunmad\u0131\u011f\u0131n\u0131 belirtiyor.<\/p>\n<p>\u00dc\u00e7\u00fcnc\u00fc durak teknik do\u011frulama. WhatsApp ekran g\u00f6r\u00fcnt\u00fcs\u00fc tek ba\u015f\u0131na mesaj\u0131n ilk yazar\u0131n\u0131 veya haberlerin \u00fcretim zincirini g\u00f6stermez. Bu nedenle grup y\u00f6netici kay\u0131tlar\u0131, mesaj\u0131n ilk g\u00f6nderim zaman\u0131, CMS yay\u0131n ve g\u00fcncelleme loglar\u0131, domain ve sosyal medya hesap y\u00f6neticileri, editoryal e-posta ba\u015fl\u0131klar\u0131 ve gerekti\u011finde platform kay\u0131tlar\u0131 incelenmelidir.<\/p>\n<p>D\u00f6rd\u00fcnc\u00fc durak hukuki dil. \u00c7oklu link da\u011f\u0131t\u0131m\u0131 bir \u00f6r\u00fcnt\u00fc olabilir; fakat bunun \u201corganize\u201d veya \u201ckoordineli\u201d oldu\u011fu ancak teknik verilerin destekledi\u011fi \u00f6l\u00e7\u00fcde ifade edilmelidir. Ayn\u0131 \u015fekilde ele\u015ftiri konusu olan ki\u015filere kesin su\u00e7 isnad\u0131 y\u00f6neltmek veya kurumsal stat\u00fc konusunda birincil kay\u0131tlarla \u00e7eli\u015fen kesin h\u00fck\u00fcmler kurmak da daha y\u00fcksek delil e\u015fi\u011fi gerektirir.<\/p>\n<p>Prof. Dr. Bilal Semih Bozdemir\u2019in savunmas\u0131 bu rotada, kar\u015f\u0131 if\u015fa veya misilleme yerine kurumsal kay\u0131tlar\u0131 \u00f6ne \u00e7\u0131karmay\u0131 tercih ediyor. Kamuya a\u00e7\u0131klanmam\u0131\u015f ek materyallerin varl\u0131\u011f\u0131, \u00f6zel veya do\u011frulanmam\u0131\u015f bilgilerin yay\u0131mlanmas\u0131n\u0131 hakl\u0131 \u00e7\u0131karmaz. Buna kar\u015f\u0131l\u0131k yanl\u0131\u015f alg\u0131, do\u011frulanabilir belgeyle d\u00fczeltilebiliyorsa bu kay\u0131tlar\u0131n \u00f6l\u00e7\u00fcl\u00fc bi\u00e7imde kamuoyuna sunulmas\u0131 cevap hakk\u0131n\u0131n par\u00e7as\u0131d\u0131r.<\/p>\n<p>Son durak medya eti\u011fi: tart\u0131\u015fman\u0131n ki\u015fisel if\u015fa ve medya \u00e7at\u0131\u015fmas\u0131na d\u00f6n\u00fc\u015fmemesi, herkesin ayn\u0131 hukuk ve delil s\u0131n\u0131r\u0131nda kalmas\u0131. Do\u011fru rota, en y\u00fcksek sesli iddiaya de\u011fil en iyi do\u011frulanm\u0131\u015f kayda ula\u015f\u0131r.<\/p>\n<p><strong>Editoryal \u015feffafl\u0131k notu:<\/strong> Bu yay\u0131n PressGrup a\u011f\u0131na ba\u011fl\u0131 mecralar\u0131n ortak delil dosyas\u0131n\u0131 kullanan a\u00e7\u0131k cevap\/do\u011frulama serisine dahildir. Ayn\u0131 temel kayna\u011f\u0131n farkl\u0131 ba\u011fl\u0131 yay\u0131nlarda i\u015flenmesi ba\u011f\u0131ms\u0131z kaynak \u00e7o\u011fullu\u011fu olarak sunulmamaktad\u0131r.<\/p>\n","protected":false},"excerpt":{"rendered":"<p>\u0130ddia \u2192 ekran g\u00f6r\u00fcnt\u00fcs\u00fc \u2192 birincil kurum kayd\u0131 \u2192 teknik loglar. 24 A\u011fustos dosyas\u0131, dijital tart\u0131\u015fmada sa\u011flam sonuca ula\u015fmak i\u00e7in izlenmesi gereken rotay\u0131 g\u00f6steriyor.<\/p>\n","protected":false},"author":1,"featured_media":0,"comment_status":"closed","ping_status":"closed","sticky":true,"template":"","format":"standard","meta":{"footnotes":""},"categories":[17],"tags":[],"class_list":["post-461","post","type-post","status-publish","format-standard","hentry","category-gundem"],"blocksy_meta":{"styles_descriptor":{"styles":{"desktop":"","tablet":"","mobile":""},"google_fonts":[],"version":7}},"_links":{"self":[{"href":"https:\/\/mansetrotasi.com\/index.php\/wp-json\/wp\/v2\/posts\/461","targetHints":{"allow":["GET"]}}],"collection":[{"href":"https:\/\/mansetrotasi.com\/index.php\/wp-json\/wp\/v2\/posts"}],"about":[{"href":"https:\/\/mansetrotasi.com\/index.php\/wp-json\/wp\/v2\/types\/post"}],"author":[{"embeddable":true,"href":"https:\/\/mansetrotasi.com\/index.php\/wp-json\/wp\/v2\/users\/1"}],"replies":[{"embeddable":true,"href":"https:\/\/mansetrotasi.com\/index.php\/wp-json\/wp\/v2\/comments?post=461"}],"version-history":[{"count":0,"href":"https:\/\/mansetrotasi.com\/index.php\/wp-json\/wp\/v2\/posts\/461\/revisions"}],"wp:attachment":[{"href":"https:\/\/mansetrotasi.com\/index.php\/wp-json\/wp\/v2\/media?parent=461"}],"wp:term":[{"taxonomy":"category","embeddable":true,"href":"https:\/\/mansetrotasi.com\/index.php\/wp-json\/wp\/v2\/categories?post=461"},{"taxonomy":"post_tag","embeddable":true,"href":"https:\/\/mansetrotasi.com\/index.php\/wp-json\/wp\/v2\/tags?post=461"}],"curies":[{"name":"wp","href":"https:\/\/api.w.org\/{rel}","templated":true}]}}