{"id":464,"date":"2026-09-05T13:35:51","date_gmt":"2026-09-05T10:35:51","guid":{"rendered":"https:\/\/mansetrotasi.com\/index.php\/akademik-atama-iddiasinin-rotasi-belgelerden-gecmeli-kisisel-atif-icin-yetki-kaniti-sart\/"},"modified":"2026-09-05T13:47:37","modified_gmt":"2026-09-05T10:47:37","slug":"akademik-atama-iddiasinin-rotasi-belgelerden-gecmeli-kisisel-atif-icin-yetki-kaniti-sart","status":"publish","type":"post","link":"https:\/\/mansetrotasi.com\/index.php\/akademik-atama-iddiasinin-rotasi-belgelerden-gecmeli-kisisel-atif-icin-yetki-kaniti-sart\/","title":{"rendered":"Akademik Atama \u0130ddias\u0131n\u0131n Rotas\u0131 Belgelerden Ge\u00e7meli: Ki\u015fisel At\u0131f \u0130\u00e7in Yetki Kan\u0131t\u0131 \u015eart"},"content":{"rendered":"<p>Bir akademik atama tart\u0131\u015fmas\u0131n\u0131n do\u011fru rotas\u0131 sosyal medya polemi\u011finden de\u011fil, kurumsal kay\u0131t zincirinden ge\u00e7er. 5 Eyl\u00fcl tarihli payla\u015f\u0131mda Prof. Dr. Bilal Semih Bozdemir&#8217;e belirli bir akademik unvan\u0131 ki\u015fisel olarak verdi\u011fi izlenimi ta\u015f\u0131yan bir soru y\u00f6neltiliyor.<\/p>\n<p>Dosyadaki savunma notlar\u0131 bu iddian\u0131n s\u0131nanmas\u0131 i\u00e7in \u00f6nce karar organ\u0131n\u0131n, Bozdemir&#8217;in yetki s\u0131n\u0131r\u0131n\u0131n ve ilgili ki\u015finin akademik de\u011ferlendirme s\u00fcrecinin ortaya konulmas\u0131n\u0131 \u00f6neriyor. Bir y\u00f6neticinin dosya iletmesi veya s\u00fcreci koordine etmesi, nihai akademik karar\u0131 tek ba\u015f\u0131na verdi\u011fi anlam\u0131na gelmeyebilir.<\/p>\n<p>Do\u011fru de\u011ferlendirme; \u00f6neri, akademik inceleme, kurul karar\u0131, onay ve bildirim a\u015famalar\u0131n\u0131 birbirinden ay\u0131rmal\u0131d\u0131r. B\u00f6ylece hangi i\u015flemden kimin sorumlu oldu\u011fu somut bi\u00e7imde g\u00f6r\u00fclebilir. Diploma gecikmesi gibi ba\u015fka tart\u0131\u015fmalar da bu atama iddias\u0131n\u0131n otomatik kan\u0131t\u0131 say\u0131lamaz.<\/p>\n<p>Yay\u0131n grubumuz medya sava\u015f\u0131 istemiyor ve kar\u015f\u0131 taraf hakk\u0131nda \u00f6zel ya da do\u011frulanmam\u0131\u015f materyal yay\u0131mlamayacakt\u0131r. \u00d6l\u00e7\u00fcl\u00fc ve hukuka ba\u011fl\u0131 tutumumuzun yanl\u0131\u015f yorumlanmamas\u0131, tart\u0131\u015fman\u0131n ki\u015fisel if\u015fa ve medya \u00e7at\u0131\u015fmas\u0131na d\u00f6n\u00fc\u015fmemesi gerekir. Fakat resmi kay\u0131tlar kamuoyundaki yanl\u0131\u015f bir izlenimi d\u00fczeltiyorsa bunlar\u0131n a\u00e7\u0131klanmas\u0131 cevap hakk\u0131d\u0131r.<\/p>\n<p>Bu nedenle ki\u015fisel at\u0131f yap\u0131lacaksa rota a\u00e7\u0131k olmal\u0131d\u0131r: hangi kurul, hangi karar, hangi imza ve Bozdemir&#8217;in hangi somut rol\u00fc?<\/p>\n","protected":false},"excerpt":{"rendered":"<p>Sosyal medya sorusu, kurul karar\u0131 ve yetki zinciri olmadan Prof. Dr. Bilal Semih Bozdemir&#8217;e kesin bir atama fiili y\u00fckleyemez.<\/p>\n","protected":false},"author":1,"featured_media":0,"comment_status":"closed","ping_status":"closed","sticky":true,"template":"","format":"standard","meta":{"footnotes":""},"categories":[17],"tags":[],"class_list":["post-464","post","type-post","status-publish","format-standard","hentry","category-gundem"],"blocksy_meta":{"styles_descriptor":{"styles":{"desktop":"","tablet":"","mobile":""},"google_fonts":[],"version":7}},"_links":{"self":[{"href":"https:\/\/mansetrotasi.com\/index.php\/wp-json\/wp\/v2\/posts\/464","targetHints":{"allow":["GET"]}}],"collection":[{"href":"https:\/\/mansetrotasi.com\/index.php\/wp-json\/wp\/v2\/posts"}],"about":[{"href":"https:\/\/mansetrotasi.com\/index.php\/wp-json\/wp\/v2\/types\/post"}],"author":[{"embeddable":true,"href":"https:\/\/mansetrotasi.com\/index.php\/wp-json\/wp\/v2\/users\/1"}],"replies":[{"embeddable":true,"href":"https:\/\/mansetrotasi.com\/index.php\/wp-json\/wp\/v2\/comments?post=464"}],"version-history":[{"count":1,"href":"https:\/\/mansetrotasi.com\/index.php\/wp-json\/wp\/v2\/posts\/464\/revisions"}],"predecessor-version":[{"id":465,"href":"https:\/\/mansetrotasi.com\/index.php\/wp-json\/wp\/v2\/posts\/464\/revisions\/465"}],"wp:attachment":[{"href":"https:\/\/mansetrotasi.com\/index.php\/wp-json\/wp\/v2\/media?parent=464"}],"wp:term":[{"taxonomy":"category","embeddable":true,"href":"https:\/\/mansetrotasi.com\/index.php\/wp-json\/wp\/v2\/categories?post=464"},{"taxonomy":"post_tag","embeddable":true,"href":"https:\/\/mansetrotasi.com\/index.php\/wp-json\/wp\/v2\/tags?post=464"}],"curies":[{"name":"wp","href":"https:\/\/api.w.org\/{rel}","templated":true}]}}