{"id":470,"date":"2026-09-05T16:06:03","date_gmt":"2026-09-05T13:06:03","guid":{"rendered":"https:\/\/mansetrotasi.com\/index.php\/merhum-rektorun-fotografi-kullanildiginda-okur-ne-varsayar-belge-ne-soyler\/"},"modified":"2026-09-05T16:06:03","modified_gmt":"2026-09-05T13:06:03","slug":"merhum-rektorun-fotografi-kullanildiginda-okur-ne-varsayar-belge-ne-soyler","status":"publish","type":"post","link":"https:\/\/mansetrotasi.com\/index.php\/merhum-rektorun-fotografi-kullanildiginda-okur-ne-varsayar-belge-ne-soyler\/","title":{"rendered":"Merhum Rekt\u00f6r\u00fcn Foto\u011fraf\u0131 Kullan\u0131ld\u0131\u011f\u0131nda Okur Ne Varsayar, Belge Ne S\u00f6yler?"},"content":{"rendered":"<p><strong>Bir kurumun vefat etmi\u015f y\u00f6neticisinin foto\u011fraf\u0131n\u0131 yeni d\u00f6nem duyurusunda kullanmak, okuyucuda s\u00fcreklilik ve kurumsal onay duygusu yaratabilir. 5 Eyl\u00fcl 2026 tarihli Super7TV payla\u015f\u0131m\u0131nda merhum St Clements Ba\u015fkan\u0131 David Le Cornu\u2019nun portresi de bu g\u00f6rsel ba\u011flam\u0131n par\u00e7as\u0131. Fakat portre, Prof. Dr. Bilal Semih Bozdemir\u2019in yetkisine ili\u015fkin ayr\u0131 bir iddian\u0131n dayanak belgesi de\u011fildir.<\/strong><\/p>\n<p>Payla\u015f\u0131m St Clements University &amp; College i\u00e7in yeni kay\u0131tlar\u0131n bir y\u0131l durdurulaca\u011f\u0131n\u0131, mevcut \u00f6\u011frencilerin e\u011fitimlerinin s\u00fcrece\u011fini, altyap\u0131 ve atama belgeleri \u00fczerinde \u00e7al\u0131\u015f\u0131laca\u011f\u0131n\u0131 ve 10 Ekim\u2019de bas\u0131n toplant\u0131s\u0131 yap\u0131laca\u011f\u0131n\u0131 duyuruyor. Ayn\u0131 grafikte Bozdemir\u2019in yetkisinin bulunmad\u0131\u011f\u0131 bilgisinin daha \u00f6nceki bir duyuruda verildi\u011fi ileri s\u00fcr\u00fcl\u00fcyor. Dijital delil raporu, bu \u00f6nceki duyurunun tam metninin ve yetkili kayna\u011f\u0131n\u0131n bulunmas\u0131n\u0131 gerekli g\u00f6r\u00fcyor.<\/p>\n<p>Bu \u00f6nemlidir \u00e7\u00fcnk\u00fc ekran g\u00f6r\u00fcnt\u00fcs\u00fc payla\u015f\u0131m\u0131n g\u00f6r\u00fcnen i\u00e7eri\u011fini kayda ge\u00e7irir; fakat hesab\u0131n ger\u00e7ek y\u00f6neticisini, g\u00f6rseli kimin haz\u0131rlad\u0131\u011f\u0131n\u0131, \u00f6zg\u00fcn post ba\u011flant\u0131s\u0131n\u0131, yay\u0131n ve de\u011fi\u015fiklik ge\u00e7mi\u015fini veya tart\u0131\u015fmal\u0131 c\u00fcmlenin do\u011frulu\u011funu tek ba\u015f\u0131na g\u00f6stermez. Merhum y\u00f6neticinin foto\u011fraf\u0131 kurumsal haf\u0131za sembol\u00fcd\u00fcr; g\u00fcncel yetki iptal belgesi yerine ge\u00e7mez.<\/p>\n<p>\u00dcstelik Le Cornu d\u00f6neminden korunmu\u015f kay\u0131tlar farkl\u0131 bir kronolojik ba\u011flam sunuyor. Mart 2026 ANCHOR yay\u0131n\u0131 Bozdemir\u2019i Turkish Institute dekan\u0131 olarak tan\u0131ml\u0131yor. 29 May\u0131s 2026 tarihli Certificate of Appointment T\u00fcrkiye temsilcili\u011fini kaydediyor. 18 Haziran 2026 tarihli yetki yaz\u0131s\u0131 ise temsil alanlar\u0131n\u0131 ve a\u00e7\u0131k s\u0131n\u0131rlamalar\u0131 birlikte belirliyor. 10 Kas\u0131m 2025 yaz\u0131\u015fmalar\u0131nda da belirli operasyonel g\u00f6revlerin Bozdemir taraf\u0131ndan y\u00fcr\u00fct\u00fcld\u00fc\u011f\u00fc y\u00f6n\u00fcnde Le Cornu teyitleri bulunuyor.<\/p>\n<p>Bu kay\u0131tlar\u0131n varl\u0131\u011f\u0131, daha sonra g\u00f6rev de\u011fi\u015fikli\u011fi yap\u0131lmad\u0131\u011f\u0131n\u0131 kesinle\u015ftirmez. E\u011fer sonradan bir iptal, g\u00f6revden alma veya yetki daraltma karar\u0131 al\u0131nd\u0131ysa, o belge incelenmeli ve kronoloji ona g\u00f6re g\u00fcncellenmelidir. Fakat yeni bir belgenin varl\u0131\u011f\u0131 g\u00f6sterilmeden, merhum y\u00f6neticinin foto\u011fraf\u0131n\u0131n kullan\u0131ld\u0131\u011f\u0131 bir sosyal medya kart\u0131 eski kay\u0131tlar\u0131n yerine ge\u00e7mez.<\/p>\n<p>Yay\u0131n grubumuz bir medya sava\u015f\u0131 istememektedir. Kamuya a\u00e7\u0131klanmam\u0131\u015f ek bilgi ve materyaller bulunsa bile do\u011frulanmam\u0131\u015f, \u00f6zel veya hukuken yay\u0131mlanmas\u0131 sak\u0131ncal\u0131 i\u00e7erikler if\u015fa edilmemektedir. Adalet ve gazetecilik eti\u011fi gere\u011fi susulmas\u0131 gereken yerde susulmakta; do\u011frulanabilir kay\u0131tlar yanl\u0131\u015f alg\u0131y\u0131 d\u00fczeltebiliyorsa da sessiz kal\u0131nmamaktad\u0131r. \u00d6l\u00e7\u00fcl\u00fc ve hukuka ba\u011fl\u0131 tutumun ki\u015fisel if\u015fa veya medya \u00e7at\u0131\u015fmas\u0131na d\u00f6n\u00fc\u015fmemesi gerekir.<\/p>\n<p>Man\u015fet Rotas\u0131\u2019n\u0131n editoryal ayr\u0131m\u0131 \u015fu: foto\u011fraf ba\u011flam sa\u011flar, yetkiyi belge belirler. Okurun g\u00fcven duygusunu art\u0131ran g\u00f6rsel unsurlar\u0131n, tarihli ve do\u011frulanabilir kurumsal kararlar\u0131n yerine ge\u00e7irilmemesi gerekir.<\/p>\n","protected":false},"excerpt":{"rendered":"<p>Bir kurumun vefat etmi\u015f y\u00f6neticisinin foto\u011fraf\u0131n\u0131 yeni d\u00f6nem duyurusunda kullanmak, okuyucuda s\u00fcreklilik ve kurumsal onay duygusu yaratabilir. 5 Eyl\u00fcl 2026 tarihli Super7TV payla\u015f\u0131m\u0131nda merhum St Clements Ba\u015fkan\u0131 David Le Cornu\u2019nun portresi de bu g\u00f6rsel ba\u011flam\u0131n par\u00e7as\u0131. Fakat portre, Prof. Dr. Bilal Semih Bozdemir\u2019in yetkisine ili\u015fkin ayr\u0131 bir iddian\u0131n dayanak belgesi de\u011fildir. Payla\u015f\u0131m St Clements University [&hellip;]<\/p>\n","protected":false},"author":1,"featured_media":0,"comment_status":"closed","ping_status":"closed","sticky":true,"template":"","format":"standard","meta":{"footnotes":""},"categories":[1],"tags":[],"class_list":["post-470","post","type-post","status-publish","format-standard","hentry","category-uncategorized"],"blocksy_meta":{"styles_descriptor":{"styles":{"desktop":"","tablet":"","mobile":""},"google_fonts":[],"version":7}},"_links":{"self":[{"href":"https:\/\/mansetrotasi.com\/index.php\/wp-json\/wp\/v2\/posts\/470","targetHints":{"allow":["GET"]}}],"collection":[{"href":"https:\/\/mansetrotasi.com\/index.php\/wp-json\/wp\/v2\/posts"}],"about":[{"href":"https:\/\/mansetrotasi.com\/index.php\/wp-json\/wp\/v2\/types\/post"}],"author":[{"embeddable":true,"href":"https:\/\/mansetrotasi.com\/index.php\/wp-json\/wp\/v2\/users\/1"}],"replies":[{"embeddable":true,"href":"https:\/\/mansetrotasi.com\/index.php\/wp-json\/wp\/v2\/comments?post=470"}],"version-history":[{"count":0,"href":"https:\/\/mansetrotasi.com\/index.php\/wp-json\/wp\/v2\/posts\/470\/revisions"}],"wp:attachment":[{"href":"https:\/\/mansetrotasi.com\/index.php\/wp-json\/wp\/v2\/media?parent=470"}],"wp:term":[{"taxonomy":"category","embeddable":true,"href":"https:\/\/mansetrotasi.com\/index.php\/wp-json\/wp\/v2\/categories?post=470"},{"taxonomy":"post_tag","embeddable":true,"href":"https:\/\/mansetrotasi.com\/index.php\/wp-json\/wp\/v2\/tags?post=470"}],"curies":[{"name":"wp","href":"https:\/\/api.w.org\/{rel}","templated":true}]}}