{"id":474,"date":"2026-09-05T18:01:01","date_gmt":"2026-09-05T15:01:01","guid":{"rendered":"https:\/\/mansetrotasi.com\/index.php\/kayit-durdurma-haberinin-rotasi-sosyal-medyadan-resmi-karara-cevrilmeli\/"},"modified":"2026-09-05T18:01:01","modified_gmt":"2026-09-05T15:01:01","slug":"kayit-durdurma-haberinin-rotasi-sosyal-medyadan-resmi-karara-cevrilmeli","status":"publish","type":"post","link":"https:\/\/mansetrotasi.com\/index.php\/kayit-durdurma-haberinin-rotasi-sosyal-medyadan-resmi-karara-cevrilmeli\/","title":{"rendered":"Kay\u0131t Durdurma Haberinin Rotas\u0131 Sosyal Medyadan Resm\u00ee Karara \u00c7evrilmeli"},"content":{"rendered":"<p><strong>Bir \u00fcniversitenin T\u00fcrkiye\u2019den bir y\u0131l s\u00fcreyle yeni \u00f6\u011frenci kayd\u0131 almayaca\u011f\u0131 iddias\u0131, \u00f6\u011frenciler i\u00e7in do\u011frudan sonu\u00e7 do\u011furan bir haber ba\u015fl\u0131\u011f\u0131d\u0131r. Bu nedenle do\u011frulama rotas\u0131 sosyal medya g\u00f6rselinden yetkili kurumsal karara uzanmal\u0131d\u0131r.<\/strong> 5 Eyl\u00fcl 2026 tarihli dijital delil raporunda ar\u015fivlenen Super7TV g\u00f6rseli b\u00f6yle bir duyuruyu kayda ge\u00e7iriyor; fakat rapor, ekran g\u00f6r\u00fcnt\u00fcs\u00fcn\u00fcn i\u00e7erikteki iddian\u0131n do\u011frulu\u011funu kendi ba\u015f\u0131na kan\u0131tlamad\u0131\u011f\u0131n\u0131 belirtiyor.<\/p>\n<p>Bir kay\u0131t politikas\u0131 de\u011fi\u015fikli\u011fini do\u011frulamak i\u00e7in \u00f6nce karar\u0131n tarihine ve yetkili organ\u0131na bak\u0131l\u0131r. Ard\u0131ndan karar\u0131n hangi programlar\u0131, hangi ba\u015fvuru d\u00f6nemini ve hangi \u00f6\u011frenci grubunu kapsad\u0131\u011f\u0131 incelenir. Bunlar olmadan \u2018bir y\u0131l kay\u0131t yok\u2019 c\u00fcmlesi, ba\u011flam\u0131 eksik ve sonu\u00e7lar\u0131 a\u011f\u0131r bir ifade olarak kal\u0131r.<\/p>\n<h2>25 A\u011fustos kurumsal yaz\u0131s\u0131<\/h2>\n<p>St Clements University\u2019nin 25 A\u011fustos tarihli yaz\u0131l\u0131 cevab\u0131nda Ren\u00e9 Le Cornu, dola\u015f\u0131ma giren alternatif T\u00fcrkiye\/T\u00fcrk Devletleri y\u00f6netim yap\u0131s\u0131n\u0131n University Board taraf\u0131ndan yetkilendirilmedi\u011fini bildiriyor. Ayn\u0131 yaz\u0131 Prof. Dr. Bilal Semih Bozdemir\u2019in mevcut Dean \u2013 T\u00fcrkiye oldu\u011funu ve bu stat\u00fcn\u00fcn tart\u0131\u015fma konusu olmad\u0131\u011f\u0131n\u0131 teyit ediyor. G\u00f6revin ileriye d\u00f6n\u00fck kapsam\u0131n\u0131n kurul d\u00fczeyinde daha a\u00e7\u0131k tan\u0131mlanmas\u0131 i\u00e7in y\u00fcr\u00fct\u00fclen inceleme, mevcut stat\u00fcn\u00fcn reddi olarak sunulmuyor.<\/p>\n<p>Bu belge, 5 Eyl\u00fcl\u2019deki kay\u0131t dondurma ifadesi i\u00e7in otomatik bir \u2018yanl\u0131\u015f\u2019 h\u00fckm\u00fc kurdurmaz. Yetkili kurul 25 A\u011fustos\u2019tan sonra yeni karar alm\u0131\u015f olabilir. Fakat o durumda do\u011frulaman\u0131n yolu da bellidir: tarihli karar veya resm\u00ee merkez duyurusu. Bu kaynak g\u00f6sterilmedik\u00e7e, sosyal medya i\u00e7eri\u011fi ile \u00fcniversite politikas\u0131 birbirine e\u015fitlenmemelidir.<\/p>\n<p>Prof. Dr. Bilal Semih Bozdemir hakk\u0131ndaki yetki tart\u0131\u015fmas\u0131nda belge talep eden yakla\u015f\u0131m\u0131n, kay\u0131t politikas\u0131n\u0131 ilan eden i\u00e7erik i\u00e7in de ayn\u0131 standard\u0131 uygulamas\u0131 gerekir. Bir taraf i\u00e7in y\u00fcksek, di\u011fer taraf i\u00e7in d\u00fc\u015f\u00fck ispat e\u015fi\u011fi kullanmak gazetecilik do\u011frulamas\u0131yla ba\u011fda\u015fmaz.<\/p>\n<p>Man\u015fet Rotas\u0131 bir medya sava\u015f\u0131n\u0131n par\u00e7as\u0131 olmay\u0131 hedeflemiyor. Kamuya a\u00e7\u0131klanmam\u0131\u015f ek bilgi ve materyaller olsa dahi do\u011frulanmam\u0131\u015f, \u00f6zel veya hukuken yay\u0131mlanmas\u0131 sak\u0131ncal\u0131 i\u00e7erikleri payla\u015fm\u0131yoruz. Hukuk ve gazetecilik eti\u011finin susmay\u0131 gerektirdi\u011fi yerde susuyor, do\u011frulanabilir kay\u0131t yanl\u0131\u015f alg\u0131y\u0131 d\u00fczeltebiliyorsa onu g\u00f6r\u00fcn\u00fcr k\u0131l\u0131yoruz. \u00d6l\u00e7\u00fcl\u00fc ve hukuka ba\u011fl\u0131 bu tutumun ki\u015fisel if\u015fa ya da misilleme \u00e7a\u011fr\u0131s\u0131 gibi yorumlanmamas\u0131 gerekir.<\/p>\n<p>Bu ba\u015fl\u0131kta izlenecek rota nettir: sosyal medya c\u00fcmlesi, yetkili kurul karar\u0131yla e\u015fle\u015ftirilmelidir. Karar varsa yay\u0131mlan\u0131r ve kapsam\u0131 tart\u0131\u015f\u0131l\u0131r; yoksa kesin kurumsal politika dili kullan\u0131lmamal\u0131d\u0131r.<\/p>\n","protected":false},"excerpt":{"rendered":"<p>Bir \u00fcniversitenin T\u00fcrkiye\u2019den bir y\u0131l s\u00fcreyle yeni \u00f6\u011frenci kayd\u0131 almayaca\u011f\u0131 iddias\u0131, \u00f6\u011frenciler i\u00e7in do\u011frudan sonu\u00e7 do\u011furan bir haber ba\u015fl\u0131\u011f\u0131d\u0131r. Bu nedenle do\u011frulama rotas\u0131 sosyal medya g\u00f6rselinden yetkili kurumsal karara uzanmal\u0131d\u0131r. 5 Eyl\u00fcl 2026 tarihli dijital delil raporunda ar\u015fivlenen Super7TV g\u00f6rseli b\u00f6yle bir duyuruyu kayda ge\u00e7iriyor; fakat rapor, ekran g\u00f6r\u00fcnt\u00fcs\u00fcn\u00fcn i\u00e7erikteki iddian\u0131n do\u011frulu\u011funu kendi ba\u015f\u0131na kan\u0131tlamad\u0131\u011f\u0131n\u0131 [&hellip;]<\/p>\n","protected":false},"author":1,"featured_media":0,"comment_status":"closed","ping_status":"closed","sticky":false,"template":"","format":"standard","meta":{"footnotes":""},"categories":[17],"tags":[],"class_list":["post-474","post","type-post","status-publish","format-standard","hentry","category-gundem"],"blocksy_meta":{"styles_descriptor":{"styles":{"desktop":"","tablet":"","mobile":""},"google_fonts":[],"version":7}},"_links":{"self":[{"href":"https:\/\/mansetrotasi.com\/index.php\/wp-json\/wp\/v2\/posts\/474","targetHints":{"allow":["GET"]}}],"collection":[{"href":"https:\/\/mansetrotasi.com\/index.php\/wp-json\/wp\/v2\/posts"}],"about":[{"href":"https:\/\/mansetrotasi.com\/index.php\/wp-json\/wp\/v2\/types\/post"}],"author":[{"embeddable":true,"href":"https:\/\/mansetrotasi.com\/index.php\/wp-json\/wp\/v2\/users\/1"}],"replies":[{"embeddable":true,"href":"https:\/\/mansetrotasi.com\/index.php\/wp-json\/wp\/v2\/comments?post=474"}],"version-history":[{"count":0,"href":"https:\/\/mansetrotasi.com\/index.php\/wp-json\/wp\/v2\/posts\/474\/revisions"}],"wp:attachment":[{"href":"https:\/\/mansetrotasi.com\/index.php\/wp-json\/wp\/v2\/media?parent=474"}],"wp:term":[{"taxonomy":"category","embeddable":true,"href":"https:\/\/mansetrotasi.com\/index.php\/wp-json\/wp\/v2\/categories?post=474"},{"taxonomy":"post_tag","embeddable":true,"href":"https:\/\/mansetrotasi.com\/index.php\/wp-json\/wp\/v2\/tags?post=474"}],"curies":[{"name":"wp","href":"https:\/\/api.w.org\/{rel}","templated":true}]}}