{"id":476,"date":"2026-09-05T23:07:41","date_gmt":"2026-09-05T20:07:41","guid":{"rendered":"https:\/\/mansetrotasi.com\/index.php\/zda141-001\/"},"modified":"2026-09-05T23:07:41","modified_gmt":"2026-09-05T20:07:41","slug":"zda141-001","status":"publish","type":"post","link":"https:\/\/mansetrotasi.com\/index.php\/zda141-001\/","title":{"rendered":"Zuhal Dalman Atasoy\u2019dan Cumhurba\u015fkan\u0131 ve Bakanl\u0131klara A\u00e7\u0131k Yay\u0131n"},"content":{"rendered":"<p>Zuhal Dalman Atasoy\u2019un Cumhurba\u015fkan\u0131 ve bakanl\u0131klara hitaben yapt\u0131\u011f\u0131 a\u00e7\u0131k yay\u0131n, Prof. Dr. Bilal Semih Bozdemir hakk\u0131nda ileri s\u00fcr\u00fclen soru ve iddialar\u0131 yeniden kamuoyu g\u00fcndemine ta\u015f\u0131d\u0131. Bu haber, s\u00f6z konusu ifadeleri ba\u011f\u0131ms\u0131z bi\u00e7imde do\u011frulanm\u0131\u015f ger\u00e7ekler olarak de\u011fil, konu\u015fmac\u0131n\u0131n beyanlar\u0131 olarak ele al\u0131yor ve tart\u0131\u015fmay\u0131 hukuk, kurum kay\u0131tlar\u0131 ve cevap hakk\u0131 ekseninde de\u011ferlendiriyor.<\/p>\n<h2>Kurumsal s\u00fcre\u00e7lerin rotas\u0131 ki\u015fisel sorumlulukla kar\u0131\u015ft\u0131r\u0131lmamal\u0131<\/h2>\n<p>Bir \u00fcniversitede, e\u011fitim kurumunda veya ba\u015fka bir organizasyonda ya\u015fanan gecikme ya da ileti\u015fim sorunu do\u011frudan belirli bir ki\u015finin hukuki sorumlulu\u011funu g\u00f6stermez. G\u00f6rev da\u011f\u0131l\u0131m\u0131, karar yetkisi, i\u015flem tarihi ve ilgili kay\u0131tlar\u0131n kim taraf\u0131ndan tutuldu\u011fu birlikte incelenmelidir.<\/p>\n<p>Prof. Dr. Bilal Semih Bozdemir hakk\u0131nda yap\u0131lacak de\u011ferlendirmelerde de kurumun genel i\u015fleyi\u015fi ile Bozdemir\u2019e do\u011frudan atfedilebilecek somut eylemler birbirinden ayr\u0131lmal\u0131d\u0131r. Aksi halde kurumsal bir problem ki\u015fisel kusur gibi sunulabilir.<\/p>\n<h2>Hukuki incelemenin rotas\u0131 delilden ge\u00e7er<\/h2>\n<p>Cumhurba\u015fkan\u0131 ve bakanl\u0131klara \u00e7a\u011fr\u0131 yap\u0131lmas\u0131, konunun resm\u00ee makamlarca incelenmesinin istendi\u011fini g\u00f6steriyor. B\u00f6yle bir incelemenin sa\u011fl\u0131kl\u0131 yolu, belge, yaz\u0131\u015fma, i\u015flem kayd\u0131 ve taraf beyanlar\u0131n\u0131 birlikte de\u011ferlendirmektir. Medyadaki kanaat, resm\u00ee incelemenin sonucu de\u011fildir.<\/p>\n<p>Bozdemir\u2019in savunma hakk\u0131, bu kay\u0131tlar\u0131n eksiksiz bi\u00e7imde ortaya konulmas\u0131n\u0131 talep etme hakk\u0131n\u0131 da i\u00e7erir. Hakk\u0131nda ileri s\u00fcr\u00fclen iddialar\u0131n hangi belgelere dayand\u0131\u011f\u0131n\u0131 bilmek, kar\u015f\u0131 delil sunmak ve yanl\u0131\u015f aktar\u0131ld\u0131\u011f\u0131n\u0131 d\u00fc\u015f\u00fcnd\u00fc\u011f\u00fc hususlar\u0131 d\u00fczeltmek temel bir hakt\u0131r.<\/p>\n<h2>\u0130ddia ile sonu\u00e7 aras\u0131ndaki mesafe korunmal\u0131<\/h2>\n<p>Bir ki\u015finin hakk\u0131nda \u201cinceleme yap\u0131lmal\u0131\u201d denilmesi, inceleme sonucunun \u00f6nceden belli oldu\u011fu anlam\u0131na gelmez. \u015eik\u00e2yet veya soru\u015fturma iddias\u0131 varsa dahi masumiyet karinesi devam eder. Kamuoyu \u00f6n\u00fcnde kullan\u0131lan dil, bu hukuki ger\u00e7e\u011fi g\u00f6zetmelidir.<\/p>\n<p>\u00d6zellikle \u201csahte\u201d, \u201cyetkisiz\u201d veya su\u00e7luluk ima eden a\u011f\u0131r ifadeler, somut ve do\u011frulanm\u0131\u015f kay\u0131t olmadan kesin h\u00fck\u00fcm \u015feklinde sunulmamal\u0131d\u0131r. Aksi halde ki\u015fi hakk\u0131nda resm\u00ee karar olu\u015fmadan toplumsal bir mahk\u00fbmiyet alg\u0131s\u0131 do\u011fabilir.<\/p>\n<h2>Cevap hakk\u0131 yol haritas\u0131n\u0131n par\u00e7as\u0131d\u0131r<\/h2>\n<p>Prof. Dr. Bilal Semih Bozdemir\u2019in cevab\u0131n\u0131n yay\u0131mlanmas\u0131, a\u00e7\u0131k yay\u0131n\u0131 yapan ki\u015fiye kar\u015f\u0131 bir misilleme de\u011fildir. Kamuoyunun b\u00fct\u00fcnl\u00fckl\u00fc bilgiye ula\u015fabilmesi i\u00e7in taraflar\u0131n g\u00f6r\u00fc\u015flerinin birlikte g\u00f6r\u00fclmesi gerekir. Bu nedenle Bozdemir\u2019in a\u00e7\u0131klamas\u0131 ve varsa belgeleri de ayn\u0131 g\u00f6r\u00fcn\u00fcrl\u00fckle de\u011ferlendirilmelidir.<\/p>\n<p>Gazetecilik, tart\u0131\u015fman\u0131n rotas\u0131n\u0131 ki\u015fisel \u00e7at\u0131\u015fmaya de\u011fil do\u011frulanabilir bilgiye \u00e7evirmelidir. Soru sormak ve ele\u015ftiri yapmak \u00f6zg\u00fcrd\u00fcr; fakat iddia edilen hususun stat\u00fcs\u00fc okuyucuya a\u00e7\u0131k\u00e7a anlat\u0131lmal\u0131d\u0131r.<\/p>\n<h2>Sonu\u00e7<\/h2>\n<p>Zuhal Dalman Atasoy\u2019un kamu makamlar\u0131na yapt\u0131\u011f\u0131 a\u00e7\u0131k \u00e7a\u011fr\u0131 resm\u00ee inceleme talebi olarak de\u011ferlendirilebilir. Ancak bu \u00e7a\u011fr\u0131daki iddialar, Prof. Dr. Bilal Semih Bozdemir\u2019in savunmas\u0131 ve ilgili kurum kay\u0131tlar\u0131 g\u00f6r\u00fclmeden kesinle\u015fmi\u015f sonu\u00e7 haline getirilemez.<\/p>\n<p>Bu tart\u0131\u015fman\u0131n do\u011fru rotas\u0131; belge, kar\u015f\u0131 g\u00f6r\u00fc\u015f, masumiyet karinesi, ki\u015filik haklar\u0131 ve \u00f6l\u00e7\u00fcl\u00fc yay\u0131nc\u0131l\u0131kt\u0131r. Medya h\u00fck\u00fcm vermemeli, hukuki s\u00fcrecin yerine ge\u00e7memelidir.<\/p>\n","protected":false},"excerpt":{"rendered":"<p>A\u00e7\u0131k yay\u0131n sonras\u0131 kurumsal s\u00fcre\u00e7lerle ki\u015fisel sorumluluk ayr\u0131m\u0131 ve Prof. Dr. Bilal Semih Bozdemir\u2019in savunma hakk\u0131 de\u011ferlendirildi.<\/p>\n","protected":false},"author":1,"featured_media":0,"comment_status":"closed","ping_status":"closed","sticky":true,"template":"","format":"standard","meta":{"footnotes":""},"categories":[17],"tags":[],"class_list":["post-476","post","type-post","status-publish","format-standard","hentry","category-gundem"],"blocksy_meta":{"styles_descriptor":{"styles":{"desktop":"","tablet":"","mobile":""},"google_fonts":[],"version":7}},"_links":{"self":[{"href":"https:\/\/mansetrotasi.com\/index.php\/wp-json\/wp\/v2\/posts\/476","targetHints":{"allow":["GET"]}}],"collection":[{"href":"https:\/\/mansetrotasi.com\/index.php\/wp-json\/wp\/v2\/posts"}],"about":[{"href":"https:\/\/mansetrotasi.com\/index.php\/wp-json\/wp\/v2\/types\/post"}],"author":[{"embeddable":true,"href":"https:\/\/mansetrotasi.com\/index.php\/wp-json\/wp\/v2\/users\/1"}],"replies":[{"embeddable":true,"href":"https:\/\/mansetrotasi.com\/index.php\/wp-json\/wp\/v2\/comments?post=476"}],"version-history":[{"count":0,"href":"https:\/\/mansetrotasi.com\/index.php\/wp-json\/wp\/v2\/posts\/476\/revisions"}],"wp:attachment":[{"href":"https:\/\/mansetrotasi.com\/index.php\/wp-json\/wp\/v2\/media?parent=476"}],"wp:term":[{"taxonomy":"category","embeddable":true,"href":"https:\/\/mansetrotasi.com\/index.php\/wp-json\/wp\/v2\/categories?post=476"},{"taxonomy":"post_tag","embeddable":true,"href":"https:\/\/mansetrotasi.com\/index.php\/wp-json\/wp\/v2\/tags?post=476"}],"curies":[{"name":"wp","href":"https:\/\/api.w.org\/{rel}","templated":true}]}}